{"id":1117,"date":"2012-05-01T16:19:11","date_gmt":"2012-05-01T14:19:11","guid":{"rendered":"https:\/\/studiolegalesances.it\/?p=1117"},"modified":"2013-03-08T16:32:14","modified_gmt":"2013-03-08T15:32:14","slug":"limpresa-in-crisi-non-paga-le-tasse-stop-alle-sanzioni","status":"publish","type":"post","link":"https:\/\/www.studiolegalesances.it\/zh\/2012\/05\/01\/limpresa-in-crisi-non-paga-le-tasse-stop-alle-sanzioni\/","title":{"rendered":"L\u2019impresa in crisi non paga le tasse: stop alle sanzioni"},"content":{"rendered":"<p><em><strong>L&#8217;ECO di Milano di maggio 2012 &#8211;\u00a0<\/strong><\/em><\/p>\n<p>Deve essere riconosciuto lo stato di forza maggiore al contribuente che, in una situazione imprevedibile di crisi economica, non sia stato in grado di pagare le tasse. Pertanto, in tali condizioni il contribuente non pu\u00f2 essere soggetto alle sanzioni relative all\u2019omesso versamento di tributi.<\/p>\n<p><!--more-->Ci\u00f2 \u00e8 quanto emerge da una recente sentenza della Commissione Tributaria Provinciale di Lecce (precisamente la sentenza n.352\/01\/10 della CTP di Lecce, liberamente visibile sulla pagina del gruppo di Facebook \u201cSOS FISCO\u201d), la quale chiarisce come in virt\u00f9 dell&#8217;art.6, comma 5, del D.Lgs. n. 472 del 18 dicembre 1997 \u201cNon \u00e8 punibile chi ha commesso il fatto per forza maggiore&#8221;.<\/p>\n<p>I giudici di Lecce, inoltre, specificano che la crisi ha impedito il regolare svolgimento dell\u2019attivit\u00e0 dell\u2019impresa e dunque il mancato pagamento dei tributi ha rappresentato \u201c\u2026 una anormalit\u00e0 nella formazione della volont\u00e0 del soggetto dovuta a questa causa particolare che esclude la responsabilit\u00e0 del soggetto stesso, in aderenza, a ci\u00f2 che si verifica nel campo penale e civile\u201d.<\/p>\n<p>I giudici, ancora, cercano di chiarire il concetto della causa esimente di forza maggiore, definendola come \u201cuna forza esterna, che determina la persona o la societ\u00e0, in modo inevitabile a compiere un atto non voluto. In definitiva per quanto concerne la \u2039\u2039forza maggiore\u203a\u203a espressamente citata e prevista nell&#8217;art. 6 citato, essa pu\u00f2 ricorrere in caso di fatti imprevedibili ed inevitabili da parte di terzi soggetti, che hanno impedito al contribuente di rispettale le norme fiscali\u201d.<\/p>\n<p>Dopo aver accertato la presenza di tali condizioni, dunque, i giudici hanno disposto la cancellazione delle sanzioni, in quanto \u201cla societ\u00e0 ha dimostrato che nell&#8217;anno 2004, per il grave stato di crisi aziendale, dovuto a fatti indipendenti dalla propria volont\u00e0 e capacit\u00e0 aziendale, \u2026 (la crisi del TAC e la crisi del suo principale cliente), ha avuto difficolt\u00e0 ad affrontare tutte le scadenze previste per la liquidazione IVA e per il saldo del Mod. Unico\u201d.<\/p>\n<p>Alla luce di tali considerazioni, sarebbe opportuno che anche gli uffici dell\u2019Amministrazione Finanziaria cercassero di essere pi\u00f9 sensibili alle ragioni dei contribuenti, in modo da poter rendere effettivo quel principio di leale collaborazione tra Fisco e cittadino previsto dal legislatore (si veda la legge n.212\/2000, cd \u201cStatuto dei diritti del contribuente\u201d).<\/p>\n","protected":false},"excerpt":{"rendered":"<p>L&#8217;ECO di Milano di maggio 2012 &#8211;\u00a0 Deve esse.<\/p>\n","protected":false},"author":2,"featured_media":0,"comment_status":"open","ping_status":"closed","sticky":false,"template":"","format":"standard","meta":[],"categories":[41],"tags":[],"_links":{"self":[{"href":"https:\/\/www.studiolegalesances.it\/zh\/wp-json\/wp\/v2\/posts\/1117"}],"collection":[{"href":"https:\/\/www.studiolegalesances.it\/zh\/wp-json\/wp\/v2\/posts"}],"about":[{"href":"https:\/\/www.studiolegalesances.it\/zh\/wp-json\/wp\/v2\/types\/post"}],"author":[{"embeddable":true,"href":"https:\/\/www.studiolegalesances.it\/zh\/wp-json\/wp\/v2\/users\/2"}],"replies":[{"embeddable":true,"href":"https:\/\/www.studiolegalesances.it\/zh\/wp-json\/wp\/v2\/comments?post=1117"}],"version-history":[{"count":0,"href":"https:\/\/www.studiolegalesances.it\/zh\/wp-json\/wp\/v2\/posts\/1117\/revisions"}],"wp:attachment":[{"href":"https:\/\/www.studiolegalesances.it\/zh\/wp-json\/wp\/v2\/media?parent=1117"}],"wp:term":[{"taxonomy":"category","embeddable":true,"href":"https:\/\/www.studiolegalesances.it\/zh\/wp-json\/wp\/v2\/categories?post=1117"},{"taxonomy":"post_tag","embeddable":true,"href":"https:\/\/www.studiolegalesances.it\/zh\/wp-json\/wp\/v2\/tags?post=1117"}],"curies":[{"name":"wp","href":"https:\/\/api.w.org\/{rel}","templated":true}]}}